{"id":11091,"date":"2023-12-01T17:14:38","date_gmt":"2023-12-01T16:14:38","guid":{"rendered":"https:\/\/corcouesurlogne-ecole.fr\/?p=11091"},"modified":"2023-12-25T17:14:48","modified_gmt":"2023-12-25T16:14:48","slug":"celebration-de-lavent-4","status":"publish","type":"post","link":"https:\/\/corcouesurlogne-ecole.fr\/?p=11091","title":{"rendered":"C\u00e9l\u00e9bration de l&rsquo;Avent"},"content":{"rendered":"<p>Vendredi 1er d\u00e9cembre a eu lieu notre premi\u00e8re c\u00e9l\u00e9bration de l&rsquo;ann\u00e9e, celle de l&rsquo;Avent.<\/p>\n<p><a href=\"https:\/\/corcouesurlogne-ecole.fr\/wp-content\/uploads\/2023\/12\/1702849456939-scaled.jpg\"><img loading=\"lazy\" decoding=\"async\" class=\"alignnone size-medium wp-image-11092\" src=\"https:\/\/corcouesurlogne-ecole.fr\/wp-content\/uploads\/2023\/12\/1702849456939-300x225.jpg\" alt=\"\" width=\"300\" height=\"225\" srcset=\"https:\/\/corcouesurlogne-ecole.fr\/wp-content\/uploads\/2023\/12\/1702849456939-300x225.jpg 300w, https:\/\/corcouesurlogne-ecole.fr\/wp-content\/uploads\/2023\/12\/1702849456939-1024x768.jpg 1024w, https:\/\/corcouesurlogne-ecole.fr\/wp-content\/uploads\/2023\/12\/1702849456939-768x576.jpg 768w, https:\/\/corcouesurlogne-ecole.fr\/wp-content\/uploads\/2023\/12\/1702849456939-1536x1152.jpg 1536w, https:\/\/corcouesurlogne-ecole.fr\/wp-content\/uploads\/2023\/12\/1702849456939-2048x1536.jpg 2048w\" sizes=\"(max-width: 300px) 100vw, 300px\" \/><\/a><\/p>\n<p>&nbsp;<\/p>\n<p>Nous avons eu le r\u00e9cit de l&rsquo;annonciation de l&rsquo;ange Gabriel \u00e0 Marie.<\/p>\n<p>Dans notre classe, ensuite, nous avons poursuivi cette histoire en coloriant chaque jour un personnage sur le calendrier de l&rsquo;Avent jusqu&rsquo;\u00e0 arriver \u00e0 la naissance de J\u00e9sus dans l&rsquo;\u00e9table.&nbsp;<\/p>\n","protected":false},"excerpt":{"rendered":"<p>Vendredi 1er d\u00e9cembre a eu lieu notre premi\u00e8re c\u00e9l\u00e9bration de l&rsquo;ann\u00e9e, celle de l&rsquo;Avent. &nbsp; Nous avons eu le r\u00e9cit de l&rsquo;annonciation de l&rsquo;ange Gabriel \u00e0 Marie. Dans notre classe, ensuite, nous avons poursuivi cette histoire en coloriant chaque jour un personnage sur le calendrier de l&rsquo;Avent jusqu&rsquo;\u00e0 arriver \u00e0 la naissance de J\u00e9sus dans<\/p>\n<p><a href=\"https:\/\/corcouesurlogne-ecole.fr\/?p=11091\" class=\"more-link themebutton\">Lire la suite<\/a><\/p>\n","protected":false},"author":21,"featured_media":11092,"comment_status":"closed","ping_status":"closed","sticky":false,"template":"","format":"standard","meta":{"ngg_post_thumbnail":0,"footnotes":""},"categories":[7],"tags":[],"_links":{"self":[{"href":"https:\/\/corcouesurlogne-ecole.fr\/index.php?rest_route=\/wp\/v2\/posts\/11091"}],"collection":[{"href":"https:\/\/corcouesurlogne-ecole.fr\/index.php?rest_route=\/wp\/v2\/posts"}],"about":[{"href":"https:\/\/corcouesurlogne-ecole.fr\/index.php?rest_route=\/wp\/v2\/types\/post"}],"author":[{"embeddable":true,"href":"https:\/\/corcouesurlogne-ecole.fr\/index.php?rest_route=\/wp\/v2\/users\/21"}],"replies":[{"embeddable":true,"href":"https:\/\/corcouesurlogne-ecole.fr\/index.php?rest_route=%2Fwp%2Fv2%2Fcomments&post=11091"}],"version-history":[{"count":1,"href":"https:\/\/corcouesurlogne-ecole.fr\/index.php?rest_route=\/wp\/v2\/posts\/11091\/revisions"}],"predecessor-version":[{"id":11093,"href":"https:\/\/corcouesurlogne-ecole.fr\/index.php?rest_route=\/wp\/v2\/posts\/11091\/revisions\/11093"}],"wp:featuredmedia":[{"embeddable":true,"href":"https:\/\/corcouesurlogne-ecole.fr\/index.php?rest_route=\/wp\/v2\/media\/11092"}],"wp:attachment":[{"href":"https:\/\/corcouesurlogne-ecole.fr\/index.php?rest_route=%2Fwp%2Fv2%2Fmedia&parent=11091"}],"wp:term":[{"taxonomy":"category","embeddable":true,"href":"https:\/\/corcouesurlogne-ecole.fr\/index.php?rest_route=%2Fwp%2Fv2%2Fcategories&post=11091"},{"taxonomy":"post_tag","embeddable":true,"href":"https:\/\/corcouesurlogne-ecole.fr\/index.php?rest_route=%2Fwp%2Fv2%2Ftags&post=11091"}],"curies":[{"name":"wp","href":"https:\/\/api.w.org\/{rel}","templated":true}]}}