{"id":11077,"date":"2023-12-19T17:01:40","date_gmt":"2023-12-19T16:01:40","guid":{"rendered":"https:\/\/corcouesurlogne-ecole.fr\/?p=11077"},"modified":"2023-12-25T17:04:25","modified_gmt":"2023-12-25T16:04:25","slug":"calendrier-de-lavent-de-la-commune-2","status":"publish","type":"post","link":"https:\/\/corcouesurlogne-ecole.fr\/?p=11077","title":{"rendered":"Calendrier de l&rsquo;Avent de la commune"},"content":{"rendered":"<p>ngg_shortcode_0_placeholder&nbsp;Le calendrier de l&rsquo;Avent<\/p>\n<p>Pour le calendrier de l&rsquo;Avent de la commune, nous avons fabriqu\u00e9 une planche avec des bonshommes de neige et des rennes fabriqu\u00e9s \u00e0 partir de bouchons. Nous avons aussi coll\u00e9 une pomme de pin d\u00e9cor\u00e9e comme un sapin de no\u00ebl.<\/p>\n<p>Mardi 19 d\u00e9cembre, nous sommes all\u00e9 ouvrir la case du 19. Nous en avons profit\u00e9 pour regarder toutes celles qui \u00e9taient d\u00e9j\u00e0 ouvertes. Tout le monde a bien travaill\u00e9, c&rsquo;\u00e9tait vraiment beau.<\/p>\n","protected":false},"excerpt":{"rendered":"<p>&nbsp;Le calendrier de l&rsquo;Avent Pour le calendrier de l&rsquo;Avent de la commune, nous avons fabriqu\u00e9 une planche avec des bonshommes de neige et des rennes fabriqu\u00e9s \u00e0 partir de bouchons. Nous avons aussi coll\u00e9 une pomme de pin d\u00e9cor\u00e9e comme un sapin de no\u00ebl. Mardi 19 d\u00e9cembre, nous sommes all\u00e9 ouvrir la case du 19.<\/p>\n<p><a href=\"https:\/\/corcouesurlogne-ecole.fr\/?p=11077\" class=\"more-link themebutton\">Lire la suite<\/a><\/p>\n","protected":false},"author":21,"featured_media":11083,"comment_status":"closed","ping_status":"closed","sticky":false,"template":"","format":"standard","meta":{"ngg_post_thumbnail":0,"footnotes":""},"categories":[7],"tags":[],"_links":{"self":[{"href":"https:\/\/corcouesurlogne-ecole.fr\/index.php?rest_route=\/wp\/v2\/posts\/11077"}],"collection":[{"href":"https:\/\/corcouesurlogne-ecole.fr\/index.php?rest_route=\/wp\/v2\/posts"}],"about":[{"href":"https:\/\/corcouesurlogne-ecole.fr\/index.php?rest_route=\/wp\/v2\/types\/post"}],"author":[{"embeddable":true,"href":"https:\/\/corcouesurlogne-ecole.fr\/index.php?rest_route=\/wp\/v2\/users\/21"}],"replies":[{"embeddable":true,"href":"https:\/\/corcouesurlogne-ecole.fr\/index.php?rest_route=%2Fwp%2Fv2%2Fcomments&post=11077"}],"version-history":[{"count":4,"href":"https:\/\/corcouesurlogne-ecole.fr\/index.php?rest_route=\/wp\/v2\/posts\/11077\/revisions"}],"predecessor-version":[{"id":11395,"href":"https:\/\/corcouesurlogne-ecole.fr\/index.php?rest_route=\/wp\/v2\/posts\/11077\/revisions\/11395"}],"wp:featuredmedia":[{"embeddable":true,"href":"https:\/\/corcouesurlogne-ecole.fr\/index.php?rest_route=\/wp\/v2\/media\/11083"}],"wp:attachment":[{"href":"https:\/\/corcouesurlogne-ecole.fr\/index.php?rest_route=%2Fwp%2Fv2%2Fmedia&parent=11077"}],"wp:term":[{"taxonomy":"category","embeddable":true,"href":"https:\/\/corcouesurlogne-ecole.fr\/index.php?rest_route=%2Fwp%2Fv2%2Fcategories&post=11077"},{"taxonomy":"post_tag","embeddable":true,"href":"https:\/\/corcouesurlogne-ecole.fr\/index.php?rest_route=%2Fwp%2Fv2%2Ftags&post=11077"}],"curies":[{"name":"wp","href":"https:\/\/api.w.org\/{rel}","templated":true}]}}