{"id":11066,"date":"2023-11-18T16:42:58","date_gmt":"2023-11-18T15:42:58","guid":{"rendered":"https:\/\/corcouesurlogne-ecole.fr\/?p=11066"},"modified":"2023-12-25T17:53:09","modified_gmt":"2023-12-25T16:53:09","slug":"decoration-de-la-classe","status":"publish","type":"post","link":"https:\/\/corcouesurlogne-ecole.fr\/?p=11066","title":{"rendered":"D\u00e9coration de la classe"},"content":{"rendered":"<p>ngg_shortcode_0_placeholderNo\u00ebl approche<\/p>\n<p>Ce samedi matin 18 novembre, exceptionnellement travaill\u00e9, nous en avons profit\u00e9 pour d\u00e9corer la classe. Il y avait deux ateliers : sapin et bonhomme de neige.<\/p>\n<p>Pour les sapins, il y avait plusieurs \u00e9tapes \u00e0 r\u00e9aliser :&nbsp;<\/p>\n<ul>\n<li>tracer 3 triangles gr\u00e2ce \u00e0 des gabarits<\/li>\n<li>les d\u00e9couper (en suivant bien les traits)<\/li>\n<li>les coller pour former un sapin<\/li>\n<li>les d\u00e9corer avec des gommettes<\/li>\n<\/ul>\n<p>Pour les bonhommes de neige, nous devions assembler deux disques pour la forme du bonhomme de neige, puis coller les yeux, le nez, l&rsquo;\u00e9charpe et ensuite tracer la bouche, les boutons et les bras au feutre noir.<\/p>\n","protected":false},"excerpt":{"rendered":"<p>No\u00ebl approche Ce samedi matin 18 novembre, exceptionnellement travaill\u00e9, nous en avons profit\u00e9 pour d\u00e9corer la classe. Il y avait deux ateliers : sapin et bonhomme de neige. Pour les sapins, il y avait plusieurs \u00e9tapes \u00e0 r\u00e9aliser :&nbsp; tracer 3 triangles gr\u00e2ce \u00e0 des gabarits les d\u00e9couper (en suivant bien les traits) les coller<\/p>\n<p><a href=\"https:\/\/corcouesurlogne-ecole.fr\/?p=11066\" class=\"more-link themebutton\">Lire la suite<\/a><\/p>\n","protected":false},"author":21,"featured_media":0,"comment_status":"closed","ping_status":"closed","sticky":false,"template":"","format":"standard","meta":{"ngg_post_thumbnail":0,"footnotes":""},"categories":[7],"tags":[],"_links":{"self":[{"href":"https:\/\/corcouesurlogne-ecole.fr\/index.php?rest_route=\/wp\/v2\/posts\/11066"}],"collection":[{"href":"https:\/\/corcouesurlogne-ecole.fr\/index.php?rest_route=\/wp\/v2\/posts"}],"about":[{"href":"https:\/\/corcouesurlogne-ecole.fr\/index.php?rest_route=\/wp\/v2\/types\/post"}],"author":[{"embeddable":true,"href":"https:\/\/corcouesurlogne-ecole.fr\/index.php?rest_route=\/wp\/v2\/users\/21"}],"replies":[{"embeddable":true,"href":"https:\/\/corcouesurlogne-ecole.fr\/index.php?rest_route=%2Fwp%2Fv2%2Fcomments&post=11066"}],"version-history":[{"count":9,"href":"https:\/\/corcouesurlogne-ecole.fr\/index.php?rest_route=\/wp\/v2\/posts\/11066\/revisions"}],"predecessor-version":[{"id":11136,"href":"https:\/\/corcouesurlogne-ecole.fr\/index.php?rest_route=\/wp\/v2\/posts\/11066\/revisions\/11136"}],"wp:attachment":[{"href":"https:\/\/corcouesurlogne-ecole.fr\/index.php?rest_route=%2Fwp%2Fv2%2Fmedia&parent=11066"}],"wp:term":[{"taxonomy":"category","embeddable":true,"href":"https:\/\/corcouesurlogne-ecole.fr\/index.php?rest_route=%2Fwp%2Fv2%2Fcategories&post=11066"},{"taxonomy":"post_tag","embeddable":true,"href":"https:\/\/corcouesurlogne-ecole.fr\/index.php?rest_route=%2Fwp%2Fv2%2Ftags&post=11066"}],"curies":[{"name":"wp","href":"https:\/\/api.w.org\/{rel}","templated":true}]}}