{"id":1102,"date":"2016-11-23T15:36:30","date_gmt":"2016-11-23T14:36:30","guid":{"rendered":"https:\/\/corcouesurlogne-ecole.fr\/?p=1102"},"modified":"2017-09-03T10:00:41","modified_gmt":"2017-09-03T09:00:41","slug":"la-bibliotheque","status":"publish","type":"post","link":"https:\/\/corcouesurlogne-ecole.fr\/?p=1102","title":{"rendered":"La biblioth\u00e8que"},"content":{"rendered":"<p>La biblioth\u00e8que est un endroit pour lire. C&rsquo;est un endroit calme pour se d\u00e9tendre. Avant la biblioth\u00e8que \u00e9tait une classe et maintenant c&rsquo;est une biblioth\u00e8que.<\/p>\n<p>Les r\u00e8gles sont : respecter les responsables de la biblioth\u00e8que, je prends soin des livres de la biblioth\u00e8que, je chuchote, je demande o\u00f9 ranger mon livre .<\/p>\n<p>Du lundi au vendredi les CM2 seront responsables de la biblioth\u00e8que entre 12h et 12h30.<br \/>\nOn peut emprunter des livres.<\/p>\n<p>Lundi\u00a0: CP<br \/>\nMardi\u00a0: CE1<br \/>\nJeudi\u00a0: CE2<br \/>\nVendredi\u00a0: CM<\/p>\n","protected":false},"excerpt":{"rendered":"<p>La biblioth\u00e8que est un endroit pour lire. C&rsquo;est un endroit calme pour se d\u00e9tendre. Avant la biblioth\u00e8que \u00e9tait une classe et maintenant c&rsquo;est une biblioth\u00e8que. Les r\u00e8gles sont : respecter les responsables de la biblioth\u00e8que, je prends soin des livres de la biblioth\u00e8que, je chuchote, je demande o\u00f9 ranger mon livre . Du lundi au<\/p>\n<p><a href=\"https:\/\/corcouesurlogne-ecole.fr\/?p=1102\" class=\"more-link themebutton\">Lire la suite<\/a><\/p>\n","protected":false},"author":8,"featured_media":0,"comment_status":"closed","ping_status":"closed","sticky":false,"template":"","format":"standard","meta":{"ngg_post_thumbnail":0,"footnotes":""},"categories":[11],"tags":[],"_links":{"self":[{"href":"https:\/\/corcouesurlogne-ecole.fr\/index.php?rest_route=\/wp\/v2\/posts\/1102"}],"collection":[{"href":"https:\/\/corcouesurlogne-ecole.fr\/index.php?rest_route=\/wp\/v2\/posts"}],"about":[{"href":"https:\/\/corcouesurlogne-ecole.fr\/index.php?rest_route=\/wp\/v2\/types\/post"}],"author":[{"embeddable":true,"href":"https:\/\/corcouesurlogne-ecole.fr\/index.php?rest_route=\/wp\/v2\/users\/8"}],"replies":[{"embeddable":true,"href":"https:\/\/corcouesurlogne-ecole.fr\/index.php?rest_route=%2Fwp%2Fv2%2Fcomments&post=1102"}],"version-history":[{"count":1,"href":"https:\/\/corcouesurlogne-ecole.fr\/index.php?rest_route=\/wp\/v2\/posts\/1102\/revisions"}],"predecessor-version":[{"id":1103,"href":"https:\/\/corcouesurlogne-ecole.fr\/index.php?rest_route=\/wp\/v2\/posts\/1102\/revisions\/1103"}],"wp:attachment":[{"href":"https:\/\/corcouesurlogne-ecole.fr\/index.php?rest_route=%2Fwp%2Fv2%2Fmedia&parent=1102"}],"wp:term":[{"taxonomy":"category","embeddable":true,"href":"https:\/\/corcouesurlogne-ecole.fr\/index.php?rest_route=%2Fwp%2Fv2%2Fcategories&post=1102"},{"taxonomy":"post_tag","embeddable":true,"href":"https:\/\/corcouesurlogne-ecole.fr\/index.php?rest_route=%2Fwp%2Fv2%2Ftags&post=1102"}],"curies":[{"name":"wp","href":"https:\/\/api.w.org\/{rel}","templated":true}]}}