{"id":11003,"date":"2023-12-05T15:19:21","date_gmt":"2023-12-05T14:19:21","guid":{"rendered":"https:\/\/corcouesurlogne-ecole.fr\/?p=11003"},"modified":"2023-12-05T15:19:21","modified_gmt":"2023-12-05T14:19:21","slug":"le-calendrier-de-lavent-de-corcoue-sur-logne","status":"publish","type":"post","link":"https:\/\/corcouesurlogne-ecole.fr\/?p=11003","title":{"rendered":"Le calendrier de l&rsquo;avent de Corcou\u00e9 sur Logne"},"content":{"rendered":"<p>Le vendredi 1er d\u00e9cembre, nous avons eu l&rsquo;honneur d&rsquo;ouvrir la premi\u00e8re fen\u00eatre du calendrier de l&rsquo;avent de la commune.<\/p>\n<p>Apr\u00e8s une marche jusqu&rsquo;\u00e0 la grotte, bien emmitoufl\u00e9s dans notre manteau, notre \u00e9charpe et notre bonnet, la maitresse a d\u00e9viss\u00e9 le panneau de la case 1. Nous avons d\u00e9couvert une superbe planche d\u00e9cor\u00e9e sur le th\u00e8me de No\u00ebl et de l&rsquo;hiver : un bonhomme de neige au milieu de sapins en pommes de pin.<\/p>\n<p>Notre classe aussi a pr\u00e9par\u00e9 une planche pour le calendrier de l&rsquo;avent. Nous avons h\u00e2te de la d\u00e9couvrir, ainsi que toutes les autres avec nos parents.<\/p>\n<p><a href=\"https:\/\/corcouesurlogne-ecole.fr\/wp-content\/uploads\/2023\/12\/image0000001.jpg\"><img loading=\"lazy\" decoding=\"async\" class=\"alignnone size-medium wp-image-11004\" src=\"https:\/\/corcouesurlogne-ecole.fr\/wp-content\/uploads\/2023\/12\/image0000001-224x300.jpg\" alt=\"\" width=\"224\" height=\"300\" srcset=\"https:\/\/corcouesurlogne-ecole.fr\/wp-content\/uploads\/2023\/12\/image0000001-224x300.jpg 224w, https:\/\/corcouesurlogne-ecole.fr\/wp-content\/uploads\/2023\/12\/image0000001-766x1024.jpg 766w, https:\/\/corcouesurlogne-ecole.fr\/wp-content\/uploads\/2023\/12\/image0000001-768x1027.jpg 768w, https:\/\/corcouesurlogne-ecole.fr\/wp-content\/uploads\/2023\/12\/image0000001-1149x1536.jpg 1149w, https:\/\/corcouesurlogne-ecole.fr\/wp-content\/uploads\/2023\/12\/image0000001.jpg 1196w\" sizes=\"(max-width: 224px) 100vw, 224px\" \/><\/a><\/p>\n","protected":false},"excerpt":{"rendered":"<p>Le vendredi 1er d\u00e9cembre, nous avons eu l&rsquo;honneur d&rsquo;ouvrir la premi\u00e8re fen\u00eatre du calendrier de l&rsquo;avent de la commune. Apr\u00e8s une marche jusqu&rsquo;\u00e0 la grotte, bien emmitoufl\u00e9s dans notre manteau, notre \u00e9charpe et notre bonnet, la maitresse a d\u00e9viss\u00e9 le panneau de la case 1. Nous avons d\u00e9couvert une superbe planche d\u00e9cor\u00e9e sur le th\u00e8me<\/p>\n<p><a href=\"https:\/\/corcouesurlogne-ecole.fr\/?p=11003\" class=\"more-link themebutton\">Lire la suite<\/a><\/p>\n","protected":false},"author":8,"featured_media":0,"comment_status":"closed","ping_status":"closed","sticky":false,"template":"","format":"standard","meta":{"ngg_post_thumbnail":0,"footnotes":""},"categories":[23],"tags":[],"_links":{"self":[{"href":"https:\/\/corcouesurlogne-ecole.fr\/index.php?rest_route=\/wp\/v2\/posts\/11003"}],"collection":[{"href":"https:\/\/corcouesurlogne-ecole.fr\/index.php?rest_route=\/wp\/v2\/posts"}],"about":[{"href":"https:\/\/corcouesurlogne-ecole.fr\/index.php?rest_route=\/wp\/v2\/types\/post"}],"author":[{"embeddable":true,"href":"https:\/\/corcouesurlogne-ecole.fr\/index.php?rest_route=\/wp\/v2\/users\/8"}],"replies":[{"embeddable":true,"href":"https:\/\/corcouesurlogne-ecole.fr\/index.php?rest_route=%2Fwp%2Fv2%2Fcomments&post=11003"}],"version-history":[{"count":1,"href":"https:\/\/corcouesurlogne-ecole.fr\/index.php?rest_route=\/wp\/v2\/posts\/11003\/revisions"}],"predecessor-version":[{"id":11005,"href":"https:\/\/corcouesurlogne-ecole.fr\/index.php?rest_route=\/wp\/v2\/posts\/11003\/revisions\/11005"}],"wp:attachment":[{"href":"https:\/\/corcouesurlogne-ecole.fr\/index.php?rest_route=%2Fwp%2Fv2%2Fmedia&parent=11003"}],"wp:term":[{"taxonomy":"category","embeddable":true,"href":"https:\/\/corcouesurlogne-ecole.fr\/index.php?rest_route=%2Fwp%2Fv2%2Fcategories&post=11003"},{"taxonomy":"post_tag","embeddable":true,"href":"https:\/\/corcouesurlogne-ecole.fr\/index.php?rest_route=%2Fwp%2Fv2%2Ftags&post=11003"}],"curies":[{"name":"wp","href":"https:\/\/api.w.org\/{rel}","templated":true}]}}