{"id":1085,"date":"2016-11-23T15:08:35","date_gmt":"2016-11-23T14:08:35","guid":{"rendered":"https:\/\/corcouesurlogne-ecole.fr\/?p=1085"},"modified":"2017-09-03T10:01:02","modified_gmt":"2017-09-03T09:01:02","slug":"chant","status":"publish","type":"post","link":"https:\/\/corcouesurlogne-ecole.fr\/?p=1085","title":{"rendered":"Chant"},"content":{"rendered":"<p>Cette ann\u00e9e le th\u00e8me est le cin\u00e9ma.<\/p>\n<p>Quand on rentre dans la salle, on s\u2019\u00e9tire puis on s\u2019\u00e9chauffe la voix.<\/p>\n<p>On se place en 3 lignes et on commence les r\u00e9p\u00e9titions.<\/p>\n<p>Nous pr\u00e9parons la veill\u00e9e de No\u00ebl avec impatience.<\/p>\n<p>&nbsp;<\/p>\n<p>La veill\u00e9e de No\u00ebl aura lieu\u00a0\u00e0 la salle du BOUTON D\u2019ART le 9 d\u00e9cembre \u00e0 20h30.<\/p>\n<p>Et surtout venez nombreux\u00a0!<\/p>\n","protected":false},"excerpt":{"rendered":"<p>Cette ann\u00e9e le th\u00e8me est le cin\u00e9ma. Quand on rentre dans la salle, on s\u2019\u00e9tire puis on s\u2019\u00e9chauffe la voix. On se place en 3 lignes et on commence les r\u00e9p\u00e9titions. Nous pr\u00e9parons la veill\u00e9e de No\u00ebl avec impatience. &nbsp; La veill\u00e9e de No\u00ebl aura lieu\u00a0\u00e0 la salle du BOUTON D\u2019ART le 9 d\u00e9cembre \u00e0<\/p>\n<p><a href=\"https:\/\/corcouesurlogne-ecole.fr\/?p=1085\" class=\"more-link themebutton\">Lire la suite<\/a><\/p>\n","protected":false},"author":8,"featured_media":0,"comment_status":"closed","ping_status":"closed","sticky":false,"template":"","format":"standard","meta":{"ngg_post_thumbnail":0,"footnotes":""},"categories":[11],"tags":[],"_links":{"self":[{"href":"https:\/\/corcouesurlogne-ecole.fr\/index.php?rest_route=\/wp\/v2\/posts\/1085"}],"collection":[{"href":"https:\/\/corcouesurlogne-ecole.fr\/index.php?rest_route=\/wp\/v2\/posts"}],"about":[{"href":"https:\/\/corcouesurlogne-ecole.fr\/index.php?rest_route=\/wp\/v2\/types\/post"}],"author":[{"embeddable":true,"href":"https:\/\/corcouesurlogne-ecole.fr\/index.php?rest_route=\/wp\/v2\/users\/8"}],"replies":[{"embeddable":true,"href":"https:\/\/corcouesurlogne-ecole.fr\/index.php?rest_route=%2Fwp%2Fv2%2Fcomments&post=1085"}],"version-history":[{"count":1,"href":"https:\/\/corcouesurlogne-ecole.fr\/index.php?rest_route=\/wp\/v2\/posts\/1085\/revisions"}],"predecessor-version":[{"id":1086,"href":"https:\/\/corcouesurlogne-ecole.fr\/index.php?rest_route=\/wp\/v2\/posts\/1085\/revisions\/1086"}],"wp:attachment":[{"href":"https:\/\/corcouesurlogne-ecole.fr\/index.php?rest_route=%2Fwp%2Fv2%2Fmedia&parent=1085"}],"wp:term":[{"taxonomy":"category","embeddable":true,"href":"https:\/\/corcouesurlogne-ecole.fr\/index.php?rest_route=%2Fwp%2Fv2%2Fcategories&post=1085"},{"taxonomy":"post_tag","embeddable":true,"href":"https:\/\/corcouesurlogne-ecole.fr\/index.php?rest_route=%2Fwp%2Fv2%2Ftags&post=1085"}],"curies":[{"name":"wp","href":"https:\/\/api.w.org\/{rel}","templated":true}]}}