{"id":10473,"date":"2023-03-05T11:51:12","date_gmt":"2023-03-05T10:51:12","guid":{"rendered":"https:\/\/corcouesurlogne-ecole.fr\/?p=10473"},"modified":"2023-03-05T11:51:12","modified_gmt":"2023-03-05T10:51:12","slug":"le-carnaval","status":"publish","type":"post","link":"https:\/\/corcouesurlogne-ecole.fr\/?p=10473","title":{"rendered":"Le carnaval !!!!"},"content":{"rendered":"<p>Samedi 4 f\u00e9vrier, c&rsquo;\u00e9tait le carnaval de l&rsquo;\u00e9cole ! nous sommes arriv\u00e9s d\u00e9guis\u00e9s en classe. C\u00e9cilia et Ang\u00e9lique \u00e9taient aussi d\u00e9guis\u00e9es. Il y avait des princesses, des super h\u00e9ros, des pirates&#8230;.<\/p>\n<p>En d\u00e9but de matin\u00e9e, nous avons lu des livres et jou\u00e9 avec les grands de CM1 , ensuite nous avons d\u00e9fil\u00e9 devant les parents, puis dans\u00e9 sur \u00ab\u00a0Au bal masqu\u00e9\u00a0\u00bb. Pour cl\u00f4turer cette matin\u00e9e, nous avons d\u00e9gust\u00e9 les cr\u00eapes. ( les maternelles ont pr\u00e9par\u00e9 la p\u00e2te \u00e0 cr\u00eapes et les grands les ont fait cuire, un vrai travail d&rsquo;\u00e9quipe !!!).<\/p>\n<p>&nbsp;<\/p>\n<p>Une belle matin\u00e9e fra\u00eeche mais ensoleill\u00e9e, un plaisir de se retrouver petits et grands !<\/p>\n<p>&nbsp;<\/p>\n<p>PS : <a href=\"https:\/\/corcouesurlogne-ecole.fr\/wp-content\/uploads\/2023\/03\/D53A940F-7DB5-466D-9E73-DCE7CBFE8336-scaled.jpeg\"><img loading=\"lazy\" decoding=\"async\" class=\"alignnone size-medium wp-image-10474\" src=\"https:\/\/corcouesurlogne-ecole.fr\/wp-content\/uploads\/2023\/03\/D53A940F-7DB5-466D-9E73-DCE7CBFE8336-300x225.jpeg\" alt=\"\" width=\"300\" height=\"225\" srcset=\"https:\/\/corcouesurlogne-ecole.fr\/wp-content\/uploads\/2023\/03\/D53A940F-7DB5-466D-9E73-DCE7CBFE8336-300x225.jpeg 300w, https:\/\/corcouesurlogne-ecole.fr\/wp-content\/uploads\/2023\/03\/D53A940F-7DB5-466D-9E73-DCE7CBFE8336-1024x768.jpeg 1024w, https:\/\/corcouesurlogne-ecole.fr\/wp-content\/uploads\/2023\/03\/D53A940F-7DB5-466D-9E73-DCE7CBFE8336-768x576.jpeg 768w, https:\/\/corcouesurlogne-ecole.fr\/wp-content\/uploads\/2023\/03\/D53A940F-7DB5-466D-9E73-DCE7CBFE8336-1536x1152.jpeg 1536w, https:\/\/corcouesurlogne-ecole.fr\/wp-content\/uploads\/2023\/03\/D53A940F-7DB5-466D-9E73-DCE7CBFE8336-2048x1536.jpeg 2048w\" sizes=\"(max-width: 300px) 100vw, 300px\" \/><\/a> <a href=\"https:\/\/corcouesurlogne-ecole.fr\/wp-content\/uploads\/2023\/03\/0C1C8205-2217-42DD-B87C-38DA36B5400E-scaled.jpeg\"><img loading=\"lazy\" decoding=\"async\" class=\"alignnone size-medium wp-image-10475\" src=\"https:\/\/corcouesurlogne-ecole.fr\/wp-content\/uploads\/2023\/03\/0C1C8205-2217-42DD-B87C-38DA36B5400E-225x300.jpeg\" alt=\"\" width=\"225\" height=\"300\" srcset=\"https:\/\/corcouesurlogne-ecole.fr\/wp-content\/uploads\/2023\/03\/0C1C8205-2217-42DD-B87C-38DA36B5400E-225x300.jpeg 225w, https:\/\/corcouesurlogne-ecole.fr\/wp-content\/uploads\/2023\/03\/0C1C8205-2217-42DD-B87C-38DA36B5400E-768x1024.jpeg 768w, https:\/\/corcouesurlogne-ecole.fr\/wp-content\/uploads\/2023\/03\/0C1C8205-2217-42DD-B87C-38DA36B5400E-1152x1536.jpeg 1152w, https:\/\/corcouesurlogne-ecole.fr\/wp-content\/uploads\/2023\/03\/0C1C8205-2217-42DD-B87C-38DA36B5400E-1536x2048.jpeg 1536w, https:\/\/corcouesurlogne-ecole.fr\/wp-content\/uploads\/2023\/03\/0C1C8205-2217-42DD-B87C-38DA36B5400E-scaled.jpeg 1920w\" sizes=\"(max-width: 225px) 100vw, 225px\" \/><\/a> <a href=\"https:\/\/corcouesurlogne-ecole.fr\/wp-content\/uploads\/2023\/03\/732EA91C-32A9-43E0-9996-C0FBCE0AB0DF-scaled.jpeg\"><img loading=\"lazy\" decoding=\"async\" class=\"alignnone size-medium wp-image-10476\" src=\"https:\/\/corcouesurlogne-ecole.fr\/wp-content\/uploads\/2023\/03\/732EA91C-32A9-43E0-9996-C0FBCE0AB0DF-225x300.jpeg\" alt=\"\" width=\"225\" height=\"300\" srcset=\"https:\/\/corcouesurlogne-ecole.fr\/wp-content\/uploads\/2023\/03\/732EA91C-32A9-43E0-9996-C0FBCE0AB0DF-225x300.jpeg 225w, https:\/\/corcouesurlogne-ecole.fr\/wp-content\/uploads\/2023\/03\/732EA91C-32A9-43E0-9996-C0FBCE0AB0DF-768x1024.jpeg 768w, https:\/\/corcouesurlogne-ecole.fr\/wp-content\/uploads\/2023\/03\/732EA91C-32A9-43E0-9996-C0FBCE0AB0DF-1152x1536.jpeg 1152w, https:\/\/corcouesurlogne-ecole.fr\/wp-content\/uploads\/2023\/03\/732EA91C-32A9-43E0-9996-C0FBCE0AB0DF-1536x2048.jpeg 1536w, https:\/\/corcouesurlogne-ecole.fr\/wp-content\/uploads\/2023\/03\/732EA91C-32A9-43E0-9996-C0FBCE0AB0DF-scaled.jpeg 1920w\" sizes=\"(max-width: 225px) 100vw, 225px\" \/><\/a>Chanson que nous avons apprise : C&rsquo;est le jour du carnaval !<\/p>\n<p>&nbsp;<\/p>\n","protected":false},"excerpt":{"rendered":"<p>Samedi 4 f\u00e9vrier, c&rsquo;\u00e9tait le carnaval de l&rsquo;\u00e9cole ! nous sommes arriv\u00e9s d\u00e9guis\u00e9s en classe. C\u00e9cilia et Ang\u00e9lique \u00e9taient aussi d\u00e9guis\u00e9es. Il y avait des princesses, des super h\u00e9ros, des pirates&#8230;. En d\u00e9but de matin\u00e9e, nous avons lu des livres et jou\u00e9 avec les grands de CM1 , ensuite nous avons d\u00e9fil\u00e9 devant les parents,<\/p>\n<p><a href=\"https:\/\/corcouesurlogne-ecole.fr\/?p=10473\" class=\"more-link themebutton\">Lire la suite<\/a><\/p>\n","protected":false},"author":1,"featured_media":10474,"comment_status":"closed","ping_status":"closed","sticky":false,"template":"","format":"standard","meta":{"ngg_post_thumbnail":0,"footnotes":""},"categories":[7],"tags":[],"_links":{"self":[{"href":"https:\/\/corcouesurlogne-ecole.fr\/index.php?rest_route=\/wp\/v2\/posts\/10473"}],"collection":[{"href":"https:\/\/corcouesurlogne-ecole.fr\/index.php?rest_route=\/wp\/v2\/posts"}],"about":[{"href":"https:\/\/corcouesurlogne-ecole.fr\/index.php?rest_route=\/wp\/v2\/types\/post"}],"author":[{"embeddable":true,"href":"https:\/\/corcouesurlogne-ecole.fr\/index.php?rest_route=\/wp\/v2\/users\/1"}],"replies":[{"embeddable":true,"href":"https:\/\/corcouesurlogne-ecole.fr\/index.php?rest_route=%2Fwp%2Fv2%2Fcomments&post=10473"}],"version-history":[{"count":1,"href":"https:\/\/corcouesurlogne-ecole.fr\/index.php?rest_route=\/wp\/v2\/posts\/10473\/revisions"}],"predecessor-version":[{"id":10477,"href":"https:\/\/corcouesurlogne-ecole.fr\/index.php?rest_route=\/wp\/v2\/posts\/10473\/revisions\/10477"}],"wp:featuredmedia":[{"embeddable":true,"href":"https:\/\/corcouesurlogne-ecole.fr\/index.php?rest_route=\/wp\/v2\/media\/10474"}],"wp:attachment":[{"href":"https:\/\/corcouesurlogne-ecole.fr\/index.php?rest_route=%2Fwp%2Fv2%2Fmedia&parent=10473"}],"wp:term":[{"taxonomy":"category","embeddable":true,"href":"https:\/\/corcouesurlogne-ecole.fr\/index.php?rest_route=%2Fwp%2Fv2%2Fcategories&post=10473"},{"taxonomy":"post_tag","embeddable":true,"href":"https:\/\/corcouesurlogne-ecole.fr\/index.php?rest_route=%2Fwp%2Fv2%2Ftags&post=10473"}],"curies":[{"name":"wp","href":"https:\/\/api.w.org\/{rel}","templated":true}]}}