{"id":10364,"date":"2023-02-07T08:05:12","date_gmt":"2023-02-07T07:05:12","guid":{"rendered":"https:\/\/corcouesurlogne-ecole.fr\/?p=10364"},"modified":"2023-02-07T08:05:12","modified_gmt":"2023-02-07T07:05:12","slug":"gs-les-rimes","status":"publish","type":"post","link":"https:\/\/corcouesurlogne-ecole.fr\/?p=10364","title":{"rendered":"GS : Les rimes"},"content":{"rendered":"<p>Apr\u00e8s la lecture de l&rsquo;album \u00a0\u00bb La grenouille \u00e0 grande bouche\u00a0\u00bb, les GS ont travaill\u00e9 sur les rimes par rapport \u00e0 leur pr\u00e9nom.<\/p>\n<p>Quelques exemples \u00ab\u00a0Je m&rsquo;appelle Clara et je mange des pizzas\u00a0\u00bb, \u00ab\u00a0Je m&rsquo;appelle Nathan et je mange des croissants\u00a0\u00bb, \u00ab\u00a0Je m&rsquo;appelle Solan et je mange des bananes\u00a0\u00bb&#8230;.<\/p>\n<p>&nbsp;<\/p>\n<p>Nous nous sommes bien amus\u00e9s !<\/p>\n<p>&nbsp;<\/p>\n<p><a href=\"https:\/\/corcouesurlogne-ecole.fr\/wp-content\/uploads\/2023\/02\/B0D75040-6457-4C39-B29B-DCEA75637C9C-scaled.jpeg\"><img loading=\"lazy\" decoding=\"async\" class=\"alignnone size-medium wp-image-10365\" src=\"https:\/\/corcouesurlogne-ecole.fr\/wp-content\/uploads\/2023\/02\/B0D75040-6457-4C39-B29B-DCEA75637C9C-300x225.jpeg\" alt=\"\" width=\"300\" height=\"225\" srcset=\"https:\/\/corcouesurlogne-ecole.fr\/wp-content\/uploads\/2023\/02\/B0D75040-6457-4C39-B29B-DCEA75637C9C-300x225.jpeg 300w, https:\/\/corcouesurlogne-ecole.fr\/wp-content\/uploads\/2023\/02\/B0D75040-6457-4C39-B29B-DCEA75637C9C-1024x768.jpeg 1024w, https:\/\/corcouesurlogne-ecole.fr\/wp-content\/uploads\/2023\/02\/B0D75040-6457-4C39-B29B-DCEA75637C9C-768x576.jpeg 768w, https:\/\/corcouesurlogne-ecole.fr\/wp-content\/uploads\/2023\/02\/B0D75040-6457-4C39-B29B-DCEA75637C9C-1536x1152.jpeg 1536w, https:\/\/corcouesurlogne-ecole.fr\/wp-content\/uploads\/2023\/02\/B0D75040-6457-4C39-B29B-DCEA75637C9C-2048x1536.jpeg 2048w\" sizes=\"(max-width: 300px) 100vw, 300px\" \/><\/a> <a href=\"https:\/\/corcouesurlogne-ecole.fr\/wp-content\/uploads\/2023\/02\/15B47108-6EA0-4666-B96B-0C95B20897DD-scaled.jpeg\"><img loading=\"lazy\" decoding=\"async\" class=\"alignnone size-medium wp-image-10366\" src=\"https:\/\/corcouesurlogne-ecole.fr\/wp-content\/uploads\/2023\/02\/15B47108-6EA0-4666-B96B-0C95B20897DD-225x300.jpeg\" alt=\"\" width=\"225\" height=\"300\" srcset=\"https:\/\/corcouesurlogne-ecole.fr\/wp-content\/uploads\/2023\/02\/15B47108-6EA0-4666-B96B-0C95B20897DD-225x300.jpeg 225w, https:\/\/corcouesurlogne-ecole.fr\/wp-content\/uploads\/2023\/02\/15B47108-6EA0-4666-B96B-0C95B20897DD-768x1024.jpeg 768w, https:\/\/corcouesurlogne-ecole.fr\/wp-content\/uploads\/2023\/02\/15B47108-6EA0-4666-B96B-0C95B20897DD-1152x1536.jpeg 1152w, https:\/\/corcouesurlogne-ecole.fr\/wp-content\/uploads\/2023\/02\/15B47108-6EA0-4666-B96B-0C95B20897DD-1536x2048.jpeg 1536w, https:\/\/corcouesurlogne-ecole.fr\/wp-content\/uploads\/2023\/02\/15B47108-6EA0-4666-B96B-0C95B20897DD-scaled.jpeg 1920w\" sizes=\"(max-width: 225px) 100vw, 225px\" \/><\/a><\/p>\n","protected":false},"excerpt":{"rendered":"<p>Apr\u00e8s la lecture de l&rsquo;album \u00a0\u00bb La grenouille \u00e0 grande bouche\u00a0\u00bb, les GS ont travaill\u00e9 sur les rimes par rapport \u00e0 leur pr\u00e9nom. Quelques exemples \u00ab\u00a0Je m&rsquo;appelle Clara et je mange des pizzas\u00a0\u00bb, \u00ab\u00a0Je m&rsquo;appelle Nathan et je mange des croissants\u00a0\u00bb, \u00ab\u00a0Je m&rsquo;appelle Solan et je mange des bananes\u00a0\u00bb&#8230;. &nbsp; Nous nous sommes bien amus\u00e9s<\/p>\n<p><a href=\"https:\/\/corcouesurlogne-ecole.fr\/?p=10364\" class=\"more-link themebutton\">Lire la suite<\/a><\/p>\n","protected":false},"author":1,"featured_media":10365,"comment_status":"closed","ping_status":"closed","sticky":false,"template":"","format":"standard","meta":{"ngg_post_thumbnail":0,"footnotes":""},"categories":[7],"tags":[],"_links":{"self":[{"href":"https:\/\/corcouesurlogne-ecole.fr\/index.php?rest_route=\/wp\/v2\/posts\/10364"}],"collection":[{"href":"https:\/\/corcouesurlogne-ecole.fr\/index.php?rest_route=\/wp\/v2\/posts"}],"about":[{"href":"https:\/\/corcouesurlogne-ecole.fr\/index.php?rest_route=\/wp\/v2\/types\/post"}],"author":[{"embeddable":true,"href":"https:\/\/corcouesurlogne-ecole.fr\/index.php?rest_route=\/wp\/v2\/users\/1"}],"replies":[{"embeddable":true,"href":"https:\/\/corcouesurlogne-ecole.fr\/index.php?rest_route=%2Fwp%2Fv2%2Fcomments&post=10364"}],"version-history":[{"count":1,"href":"https:\/\/corcouesurlogne-ecole.fr\/index.php?rest_route=\/wp\/v2\/posts\/10364\/revisions"}],"predecessor-version":[{"id":10367,"href":"https:\/\/corcouesurlogne-ecole.fr\/index.php?rest_route=\/wp\/v2\/posts\/10364\/revisions\/10367"}],"wp:featuredmedia":[{"embeddable":true,"href":"https:\/\/corcouesurlogne-ecole.fr\/index.php?rest_route=\/wp\/v2\/media\/10365"}],"wp:attachment":[{"href":"https:\/\/corcouesurlogne-ecole.fr\/index.php?rest_route=%2Fwp%2Fv2%2Fmedia&parent=10364"}],"wp:term":[{"taxonomy":"category","embeddable":true,"href":"https:\/\/corcouesurlogne-ecole.fr\/index.php?rest_route=%2Fwp%2Fv2%2Fcategories&post=10364"},{"taxonomy":"post_tag","embeddable":true,"href":"https:\/\/corcouesurlogne-ecole.fr\/index.php?rest_route=%2Fwp%2Fv2%2Ftags&post=10364"}],"curies":[{"name":"wp","href":"https:\/\/api.w.org\/{rel}","templated":true}]}}