{"id":10359,"date":"2023-02-02T20:32:00","date_gmt":"2023-02-02T19:32:00","guid":{"rendered":"https:\/\/corcouesurlogne-ecole.fr\/?p=10359"},"modified":"2023-02-02T20:32:00","modified_gmt":"2023-02-02T19:32:00","slug":"lhiver-est-la","status":"publish","type":"post","link":"https:\/\/corcouesurlogne-ecole.fr\/?p=10359","title":{"rendered":"L&rsquo;hiver est l\u00e0 !"},"content":{"rendered":"<p>La classe de MS-GS a mis ses fen\u00eatres et ses murs aux couleurs de l&rsquo;hiver !<\/p>\n<p>Bonhommes de neige sur nos fen\u00eatres et les MS ont travaill\u00e9 en arts visuels sur un arbre d&rsquo;hiver, avec de l&rsquo;encre et l&#8217;empreinte de leur main et avant-bras !!!<\/p>\n<p>&nbsp;<\/p>\n<p>Nous pr\u00e9parons aussi une nouvelle fresque pour notre couloir !!!!<\/p>\n<p><a href=\"https:\/\/corcouesurlogne-ecole.fr\/wp-content\/uploads\/2023\/02\/4B18F94B-E038-4F16-A21D-AAD18B65966B-scaled.jpeg\"><img loading=\"lazy\" decoding=\"async\" class=\"alignnone size-medium wp-image-10360\" src=\"https:\/\/corcouesurlogne-ecole.fr\/wp-content\/uploads\/2023\/02\/4B18F94B-E038-4F16-A21D-AAD18B65966B-300x225.jpeg\" alt=\"\" width=\"300\" height=\"225\" srcset=\"https:\/\/corcouesurlogne-ecole.fr\/wp-content\/uploads\/2023\/02\/4B18F94B-E038-4F16-A21D-AAD18B65966B-300x225.jpeg 300w, https:\/\/corcouesurlogne-ecole.fr\/wp-content\/uploads\/2023\/02\/4B18F94B-E038-4F16-A21D-AAD18B65966B-1024x768.jpeg 1024w, https:\/\/corcouesurlogne-ecole.fr\/wp-content\/uploads\/2023\/02\/4B18F94B-E038-4F16-A21D-AAD18B65966B-768x576.jpeg 768w, https:\/\/corcouesurlogne-ecole.fr\/wp-content\/uploads\/2023\/02\/4B18F94B-E038-4F16-A21D-AAD18B65966B-1536x1152.jpeg 1536w, https:\/\/corcouesurlogne-ecole.fr\/wp-content\/uploads\/2023\/02\/4B18F94B-E038-4F16-A21D-AAD18B65966B-2048x1536.jpeg 2048w\" sizes=\"(max-width: 300px) 100vw, 300px\" \/><\/a> <a href=\"https:\/\/corcouesurlogne-ecole.fr\/wp-content\/uploads\/2023\/02\/D377D847-6891-4D96-BF40-E681ED8F538F-scaled.jpeg\"><img loading=\"lazy\" decoding=\"async\" class=\"alignnone size-medium wp-image-10361\" src=\"https:\/\/corcouesurlogne-ecole.fr\/wp-content\/uploads\/2023\/02\/D377D847-6891-4D96-BF40-E681ED8F538F-225x300.jpeg\" alt=\"\" width=\"225\" height=\"300\" srcset=\"https:\/\/corcouesurlogne-ecole.fr\/wp-content\/uploads\/2023\/02\/D377D847-6891-4D96-BF40-E681ED8F538F-225x300.jpeg 225w, https:\/\/corcouesurlogne-ecole.fr\/wp-content\/uploads\/2023\/02\/D377D847-6891-4D96-BF40-E681ED8F538F-768x1024.jpeg 768w, https:\/\/corcouesurlogne-ecole.fr\/wp-content\/uploads\/2023\/02\/D377D847-6891-4D96-BF40-E681ED8F538F-1152x1536.jpeg 1152w, https:\/\/corcouesurlogne-ecole.fr\/wp-content\/uploads\/2023\/02\/D377D847-6891-4D96-BF40-E681ED8F538F-1536x2048.jpeg 1536w, https:\/\/corcouesurlogne-ecole.fr\/wp-content\/uploads\/2023\/02\/D377D847-6891-4D96-BF40-E681ED8F538F-scaled.jpeg 1920w\" sizes=\"(max-width: 225px) 100vw, 225px\" \/><\/a><\/p>\n<p>&nbsp;<\/p>\n","protected":false},"excerpt":{"rendered":"<p>La classe de MS-GS a mis ses fen\u00eatres et ses murs aux couleurs de l&rsquo;hiver ! Bonhommes de neige sur nos fen\u00eatres et les MS ont travaill\u00e9 en arts visuels sur un arbre d&rsquo;hiver, avec de l&rsquo;encre et l&#8217;empreinte de leur main et avant-bras !!! &nbsp; Nous pr\u00e9parons aussi une nouvelle fresque pour notre couloir<\/p>\n<p><a href=\"https:\/\/corcouesurlogne-ecole.fr\/?p=10359\" class=\"more-link themebutton\">Lire la suite<\/a><\/p>\n","protected":false},"author":1,"featured_media":10360,"comment_status":"closed","ping_status":"closed","sticky":false,"template":"","format":"standard","meta":{"ngg_post_thumbnail":0,"footnotes":""},"categories":[7],"tags":[],"_links":{"self":[{"href":"https:\/\/corcouesurlogne-ecole.fr\/index.php?rest_route=\/wp\/v2\/posts\/10359"}],"collection":[{"href":"https:\/\/corcouesurlogne-ecole.fr\/index.php?rest_route=\/wp\/v2\/posts"}],"about":[{"href":"https:\/\/corcouesurlogne-ecole.fr\/index.php?rest_route=\/wp\/v2\/types\/post"}],"author":[{"embeddable":true,"href":"https:\/\/corcouesurlogne-ecole.fr\/index.php?rest_route=\/wp\/v2\/users\/1"}],"replies":[{"embeddable":true,"href":"https:\/\/corcouesurlogne-ecole.fr\/index.php?rest_route=%2Fwp%2Fv2%2Fcomments&post=10359"}],"version-history":[{"count":1,"href":"https:\/\/corcouesurlogne-ecole.fr\/index.php?rest_route=\/wp\/v2\/posts\/10359\/revisions"}],"predecessor-version":[{"id":10362,"href":"https:\/\/corcouesurlogne-ecole.fr\/index.php?rest_route=\/wp\/v2\/posts\/10359\/revisions\/10362"}],"wp:featuredmedia":[{"embeddable":true,"href":"https:\/\/corcouesurlogne-ecole.fr\/index.php?rest_route=\/wp\/v2\/media\/10360"}],"wp:attachment":[{"href":"https:\/\/corcouesurlogne-ecole.fr\/index.php?rest_route=%2Fwp%2Fv2%2Fmedia&parent=10359"}],"wp:term":[{"taxonomy":"category","embeddable":true,"href":"https:\/\/corcouesurlogne-ecole.fr\/index.php?rest_route=%2Fwp%2Fv2%2Fcategories&post=10359"},{"taxonomy":"post_tag","embeddable":true,"href":"https:\/\/corcouesurlogne-ecole.fr\/index.php?rest_route=%2Fwp%2Fv2%2Ftags&post=10359"}],"curies":[{"name":"wp","href":"https:\/\/api.w.org\/{rel}","templated":true}]}}