{"id":102,"date":"2015-09-17T16:39:52","date_gmt":"2015-09-17T15:39:52","guid":{"rendered":"https:\/\/corcouesurlogne-ecole.fr\/?p=102"},"modified":"2017-09-03T10:03:45","modified_gmt":"2017-09-03T09:03:45","slug":"accueil-de-rentree","status":"publish","type":"post","link":"https:\/\/corcouesurlogne-ecole.fr\/?p=102","title":{"rendered":"ACCUEIL de rentr\u00e9e"},"content":{"rendered":"<p>Le vendredi 28 ao\u00fbt, les \u00e9l\u00e8ves de notre classe ont pu d\u00e9couvrir les diff\u00e9rents espaces de leur classe.<\/p>\n<p>Les GS sont install\u00e9s dans une premi\u00e8re pi\u00e8ce (anciennement la classe cm1\/cm2) o\u00f9 ils disposent de diff\u00e9rents coins-jeux : cuisine , garage, construction, ferme, biblioth\u00e8que , peinture&#8230;.<\/p>\n<p>Les CP sont install\u00e9s dans une seconde pi\u00e8ce attenante (anciennement salle informatique) qui a \u00e9t\u00e9 r\u00e9nov\u00e9e au cours de l&rsquo;\u00e9t\u00e9.<\/p>\n<p>Chaque \u00e9l\u00e8ve a pu d\u00e9poser ses affaires, faire la connaissance d&rsquo;Alice (ASEM) qui sera pr\u00e9sente chaque jour pour nous aider \u00e0 la vie de la classe puis repartir pour encore quelques jours de vacances.<\/p>\n<div id=\"attachment_143\" style=\"width: 310px\" class=\"wp-caption alignright\"><a href=\"https:\/\/corcouesurlogne-ecole.fr\/wp-content\/uploads\/2015\/09\/SAM_2739.jpg\"><img loading=\"lazy\" decoding=\"async\" aria-describedby=\"caption-attachment-143\" class=\"size-medium wp-image-143\" src=\"https:\/\/corcouesurlogne-ecole.fr\/wp-content\/uploads\/2015\/09\/SAM_2739-300x225.jpg\" alt=\"Voici l'espace GS\" width=\"300\" height=\"225\" srcset=\"https:\/\/corcouesurlogne-ecole.fr\/wp-content\/uploads\/2015\/09\/SAM_2739-300x225.jpg 300w, https:\/\/corcouesurlogne-ecole.fr\/wp-content\/uploads\/2015\/09\/SAM_2739-1024x768.jpg 1024w, https:\/\/corcouesurlogne-ecole.fr\/wp-content\/uploads\/2015\/09\/SAM_2739-960x720.jpg 960w, https:\/\/corcouesurlogne-ecole.fr\/wp-content\/uploads\/2015\/09\/SAM_2739-480x360.jpg 480w, https:\/\/corcouesurlogne-ecole.fr\/wp-content\/uploads\/2015\/09\/SAM_2739-320x240.jpg 320w, https:\/\/corcouesurlogne-ecole.fr\/wp-content\/uploads\/2015\/09\/SAM_2739-240x180.jpg 240w, https:\/\/corcouesurlogne-ecole.fr\/wp-content\/uploads\/2015\/09\/SAM_2739.jpg 2048w\" sizes=\"(max-width: 300px) 100vw, 300px\" \/><\/a><p id=\"caption-attachment-143\" class=\"wp-caption-text\">Voici l&rsquo;espace GS<\/p><\/div>\n<p>Tout est pr\u00eat pour la rentr\u00e9e!<\/p>\n<div id=\"attachment_148\" style=\"width: 341px\" class=\"wp-caption alignleft\"><a href=\"https:\/\/corcouesurlogne-ecole.fr\/wp-content\/uploads\/2015\/09\/SAM_2737.jpg\"><img loading=\"lazy\" decoding=\"async\" aria-describedby=\"caption-attachment-148\" class=\" wp-image-148\" src=\"https:\/\/corcouesurlogne-ecole.fr\/wp-content\/uploads\/2015\/09\/SAM_2737-300x225.jpg\" alt=\"Voici l'espace CP\" width=\"331\" height=\"248\" srcset=\"https:\/\/corcouesurlogne-ecole.fr\/wp-content\/uploads\/2015\/09\/SAM_2737-300x225.jpg 300w, https:\/\/corcouesurlogne-ecole.fr\/wp-content\/uploads\/2015\/09\/SAM_2737-1024x768.jpg 1024w, https:\/\/corcouesurlogne-ecole.fr\/wp-content\/uploads\/2015\/09\/SAM_2737-960x720.jpg 960w, https:\/\/corcouesurlogne-ecole.fr\/wp-content\/uploads\/2015\/09\/SAM_2737-480x360.jpg 480w, https:\/\/corcouesurlogne-ecole.fr\/wp-content\/uploads\/2015\/09\/SAM_2737-320x240.jpg 320w, https:\/\/corcouesurlogne-ecole.fr\/wp-content\/uploads\/2015\/09\/SAM_2737-240x180.jpg 240w, https:\/\/corcouesurlogne-ecole.fr\/wp-content\/uploads\/2015\/09\/SAM_2737.jpg 2048w\" sizes=\"(max-width: 331px) 100vw, 331px\" \/><\/a><p id=\"caption-attachment-148\" class=\"wp-caption-text\">Voici l&rsquo;espace CP<\/p><\/div>\n","protected":false},"excerpt":{"rendered":"<p>Le vendredi 28 ao\u00fbt, les \u00e9l\u00e8ves de notre classe ont pu d\u00e9couvrir les diff\u00e9rents espaces de leur classe. Les GS sont install\u00e9s dans une premi\u00e8re pi\u00e8ce (anciennement la classe cm1\/cm2) o\u00f9 ils disposent de diff\u00e9rents coins-jeux : cuisine , garage, construction, ferme, biblioth\u00e8que , peinture&#8230;. Les CP sont install\u00e9s dans une seconde pi\u00e8ce attenante (anciennement<\/p>\n<p><a href=\"https:\/\/corcouesurlogne-ecole.fr\/?p=102\" class=\"more-link themebutton\">Lire la suite<\/a><\/p>\n","protected":false},"author":1,"featured_media":0,"comment_status":"closed","ping_status":"closed","sticky":false,"template":"","format":"standard","meta":{"ngg_post_thumbnail":0,"footnotes":""},"categories":[1],"tags":[],"_links":{"self":[{"href":"https:\/\/corcouesurlogne-ecole.fr\/index.php?rest_route=\/wp\/v2\/posts\/102"}],"collection":[{"href":"https:\/\/corcouesurlogne-ecole.fr\/index.php?rest_route=\/wp\/v2\/posts"}],"about":[{"href":"https:\/\/corcouesurlogne-ecole.fr\/index.php?rest_route=\/wp\/v2\/types\/post"}],"author":[{"embeddable":true,"href":"https:\/\/corcouesurlogne-ecole.fr\/index.php?rest_route=\/wp\/v2\/users\/1"}],"replies":[{"embeddable":true,"href":"https:\/\/corcouesurlogne-ecole.fr\/index.php?rest_route=%2Fwp%2Fv2%2Fcomments&post=102"}],"version-history":[{"count":3,"href":"https:\/\/corcouesurlogne-ecole.fr\/index.php?rest_route=\/wp\/v2\/posts\/102\/revisions"}],"predecessor-version":[{"id":151,"href":"https:\/\/corcouesurlogne-ecole.fr\/index.php?rest_route=\/wp\/v2\/posts\/102\/revisions\/151"}],"wp:attachment":[{"href":"https:\/\/corcouesurlogne-ecole.fr\/index.php?rest_route=%2Fwp%2Fv2%2Fmedia&parent=102"}],"wp:term":[{"taxonomy":"category","embeddable":true,"href":"https:\/\/corcouesurlogne-ecole.fr\/index.php?rest_route=%2Fwp%2Fv2%2Fcategories&post=102"},{"taxonomy":"post_tag","embeddable":true,"href":"https:\/\/corcouesurlogne-ecole.fr\/index.php?rest_route=%2Fwp%2Fv2%2Ftags&post=102"}],"curies":[{"name":"wp","href":"https:\/\/api.w.org\/{rel}","templated":true}]}}