{"id":1005,"date":"2016-11-20T15:34:14","date_gmt":"2016-11-20T14:34:14","guid":{"rendered":"https:\/\/corcouesurlogne-ecole.fr\/?p=1005"},"modified":"2017-09-03T10:01:03","modified_gmt":"2017-09-03T09:01:03","slug":"bienvenue-touffu","status":"publish","type":"post","link":"https:\/\/corcouesurlogne-ecole.fr\/?p=1005","title":{"rendered":"Bienvenue Touffu !"},"content":{"rendered":"<p>Lundi, nous avons rencontr\u00e9 Touffu.<\/p>\n<p>Touffu est un \u00e9cureuil qui mange des noisettes, des graines et des glands. Il se couche dans un nid tout en haut d&rsquo;un ch\u00eane de la for\u00eat.<\/p>\n<p>Il pr\u00e9pare des r\u00e9serves de nourriture pour l&rsquo;hiver en faisant des petits tas\u00a0 qu&rsquo;il cache dans un trou.<\/p>\n<p>Touffu est notre mascotte.Chaque vendredi, il va partir chez\u00a0 un \u00e9l\u00e8ve de GS.<\/p>\n<p>Dans son sac \u00e0 dos pour le transporter, il y a un cahier pour \u00e9crire, dessiner ou coller des photos de notre week-end avec Touffu.<\/p>\n<p>Texte r\u00e9dig\u00e9 en dict\u00e9e \u00e0 l&rsquo;adulte par les GS.<\/p>\n<p><a href=\"https:\/\/corcouesurlogne-ecole.fr\/wp-content\/uploads\/2016\/11\/SAM_3180.jpg\"><img loading=\"lazy\" decoding=\"async\" class=\"size-medium wp-image-1014 aligncenter\" src=\"https:\/\/corcouesurlogne-ecole.fr\/wp-content\/uploads\/2016\/11\/SAM_3180-300x225.jpg\" alt=\"sam_3180\" width=\"300\" height=\"225\" srcset=\"https:\/\/corcouesurlogne-ecole.fr\/wp-content\/uploads\/2016\/11\/SAM_3180-300x225.jpg 300w, https:\/\/corcouesurlogne-ecole.fr\/wp-content\/uploads\/2016\/11\/SAM_3180-768x576.jpg 768w, https:\/\/corcouesurlogne-ecole.fr\/wp-content\/uploads\/2016\/11\/SAM_3180-1024x768.jpg 1024w, https:\/\/corcouesurlogne-ecole.fr\/wp-content\/uploads\/2016\/11\/SAM_3180.jpg 2048w\" sizes=\"(max-width: 300px) 100vw, 300px\" \/><\/a><\/p>\n","protected":false},"excerpt":{"rendered":"<p>Lundi, nous avons rencontr\u00e9 Touffu. Touffu est un \u00e9cureuil qui mange des noisettes, des graines et des glands. Il se couche dans un nid tout en haut d&rsquo;un ch\u00eane de la for\u00eat. Il pr\u00e9pare des r\u00e9serves de nourriture pour l&rsquo;hiver en faisant des petits tas\u00a0 qu&rsquo;il cache dans un trou. Touffu est notre mascotte.Chaque vendredi,<\/p>\n<p><a href=\"https:\/\/corcouesurlogne-ecole.fr\/?p=1005\" class=\"more-link themebutton\">Lire la suite<\/a><\/p>\n","protected":false},"author":1,"featured_media":0,"comment_status":"closed","ping_status":"closed","sticky":false,"template":"","format":"standard","meta":{"ngg_post_thumbnail":0,"footnotes":""},"categories":[1],"tags":[],"_links":{"self":[{"href":"https:\/\/corcouesurlogne-ecole.fr\/index.php?rest_route=\/wp\/v2\/posts\/1005"}],"collection":[{"href":"https:\/\/corcouesurlogne-ecole.fr\/index.php?rest_route=\/wp\/v2\/posts"}],"about":[{"href":"https:\/\/corcouesurlogne-ecole.fr\/index.php?rest_route=\/wp\/v2\/types\/post"}],"author":[{"embeddable":true,"href":"https:\/\/corcouesurlogne-ecole.fr\/index.php?rest_route=\/wp\/v2\/users\/1"}],"replies":[{"embeddable":true,"href":"https:\/\/corcouesurlogne-ecole.fr\/index.php?rest_route=%2Fwp%2Fv2%2Fcomments&post=1005"}],"version-history":[{"count":2,"href":"https:\/\/corcouesurlogne-ecole.fr\/index.php?rest_route=\/wp\/v2\/posts\/1005\/revisions"}],"predecessor-version":[{"id":1015,"href":"https:\/\/corcouesurlogne-ecole.fr\/index.php?rest_route=\/wp\/v2\/posts\/1005\/revisions\/1015"}],"wp:attachment":[{"href":"https:\/\/corcouesurlogne-ecole.fr\/index.php?rest_route=%2Fwp%2Fv2%2Fmedia&parent=1005"}],"wp:term":[{"taxonomy":"category","embeddable":true,"href":"https:\/\/corcouesurlogne-ecole.fr\/index.php?rest_route=%2Fwp%2Fv2%2Fcategories&post=1005"},{"taxonomy":"post_tag","embeddable":true,"href":"https:\/\/corcouesurlogne-ecole.fr\/index.php?rest_route=%2Fwp%2Fv2%2Ftags&post=1005"}],"curies":[{"name":"wp","href":"https:\/\/api.w.org\/{rel}","templated":true}]}}