{"id":10013,"date":"2022-11-24T10:53:33","date_gmt":"2022-11-24T09:53:33","guid":{"rendered":"https:\/\/corcouesurlogne-ecole.fr\/?p=10013"},"modified":"2022-11-24T10:53:33","modified_gmt":"2022-11-24T09:53:33","slug":"assemblees-generales-ogec-et-apel","status":"publish","type":"post","link":"https:\/\/corcouesurlogne-ecole.fr\/?p=10013","title":{"rendered":"Assembl\u00e9es G\u00e9n\u00e9rales OGEC et APEL"},"content":{"rendered":"<p>Les Assembl\u00e9es G\u00e9n\u00e9rales de l&rsquo;OGEC et de l&rsquo;APEL ont lieu le vendredi 25 novembre \u00e0 20h dans la classe des CM1 !<\/p>\n<p>Nous comptons sur votre pr\u00e9sence !<\/p>\n<p>Ces deux associations sont tr\u00e8s importantes pour la vie de l&rsquo;\u00e9cole et donc pour le bien-\u00eatre de vos enfants,<br \/>\nl&rsquo;OGEC g\u00e8re le c\u00f4t\u00e9 financier tandis que L&rsquo;APEL met en place les actions permettant d&rsquo;am\u00e9liorer le quotidien&#8230;<br \/>\nIl est donc essentiel que vous sachiez ce qu&rsquo;il s&rsquo;y passe.<\/p>\n<p><a href=\"https:\/\/corcouesurlogne-ecole.fr\/wp-content\/uploads\/2022\/11\/benevoles-2022-2023.png\"><img loading=\"lazy\" decoding=\"async\" src=\"https:\/\/corcouesurlogne-ecole.fr\/wp-content\/uploads\/2022\/11\/benevoles-2022-2023-300x251.png\" alt=\"\" width=\"300\" height=\"251\" class=\"aligncenter size-medium wp-image-10016\" srcset=\"https:\/\/corcouesurlogne-ecole.fr\/wp-content\/uploads\/2022\/11\/benevoles-2022-2023-300x251.png 300w, https:\/\/corcouesurlogne-ecole.fr\/wp-content\/uploads\/2022\/11\/benevoles-2022-2023-768x644.png 768w, https:\/\/corcouesurlogne-ecole.fr\/wp-content\/uploads\/2022\/11\/benevoles-2022-2023.png 940w\" sizes=\"(max-width: 300px) 100vw, 300px\" \/><\/a><\/p>\n","protected":false},"excerpt":{"rendered":"<p>Les Assembl\u00e9es G\u00e9n\u00e9rales de l&rsquo;OGEC et de l&rsquo;APEL ont lieu le vendredi 25 novembre \u00e0 20h dans la classe des CM1 ! Nous comptons sur votre pr\u00e9sence ! Ces deux associations sont tr\u00e8s importantes pour la vie de l&rsquo;\u00e9cole et donc pour le bien-\u00eatre de vos enfants, l&rsquo;OGEC g\u00e8re le c\u00f4t\u00e9 financier tandis que L&rsquo;APEL<\/p>\n<p><a href=\"https:\/\/corcouesurlogne-ecole.fr\/?p=10013\" class=\"more-link themebutton\">Lire la suite<\/a><\/p>\n","protected":false},"author":1,"featured_media":0,"comment_status":"closed","ping_status":"closed","sticky":false,"template":"","format":"standard","meta":{"ngg_post_thumbnail":0,"footnotes":""},"categories":[17,16],"tags":[],"_links":{"self":[{"href":"https:\/\/corcouesurlogne-ecole.fr\/index.php?rest_route=\/wp\/v2\/posts\/10013"}],"collection":[{"href":"https:\/\/corcouesurlogne-ecole.fr\/index.php?rest_route=\/wp\/v2\/posts"}],"about":[{"href":"https:\/\/corcouesurlogne-ecole.fr\/index.php?rest_route=\/wp\/v2\/types\/post"}],"author":[{"embeddable":true,"href":"https:\/\/corcouesurlogne-ecole.fr\/index.php?rest_route=\/wp\/v2\/users\/1"}],"replies":[{"embeddable":true,"href":"https:\/\/corcouesurlogne-ecole.fr\/index.php?rest_route=%2Fwp%2Fv2%2Fcomments&post=10013"}],"version-history":[{"count":2,"href":"https:\/\/corcouesurlogne-ecole.fr\/index.php?rest_route=\/wp\/v2\/posts\/10013\/revisions"}],"predecessor-version":[{"id":10017,"href":"https:\/\/corcouesurlogne-ecole.fr\/index.php?rest_route=\/wp\/v2\/posts\/10013\/revisions\/10017"}],"wp:attachment":[{"href":"https:\/\/corcouesurlogne-ecole.fr\/index.php?rest_route=%2Fwp%2Fv2%2Fmedia&parent=10013"}],"wp:term":[{"taxonomy":"category","embeddable":true,"href":"https:\/\/corcouesurlogne-ecole.fr\/index.php?rest_route=%2Fwp%2Fv2%2Fcategories&post=10013"},{"taxonomy":"post_tag","embeddable":true,"href":"https:\/\/corcouesurlogne-ecole.fr\/index.php?rest_route=%2Fwp%2Fv2%2Ftags&post=10013"}],"curies":[{"name":"wp","href":"https:\/\/api.w.org\/{rel}","templated":true}]}}